{"id":10840,"date":"2023-06-15T11:55:17","date_gmt":"2023-06-15T11:55:17","guid":{"rendered":"https:\/\/hospitalochoa.com\/?p=10840"},"modified":"2023-06-15T11:55:19","modified_gmt":"2023-06-15T11:55:19","slug":"sabes-que-es-virus-respiratorio-sincitial","status":"publish","type":"post","link":"https:\/\/hospitalochoa.com\/es\/sabes-que-es-virus-respiratorio-sincitial\/","title":{"rendered":"\u00bfSabes qu\u00e9 es el Virus Respiratorio Sincitial?"},"content":{"rendered":"\n<p>El Virus Respiratorio Sincitial (VRS) afecta a las v\u00edas respiratorias y suele ser estacional y f\u00e1cilmente contagioso. Destaca por afectar a todos los tramos de edad, pero en concreto con una mayor incidencia sobre beb\u00e9s lactantes y ancianos.<\/p>\n\n\n\n<p>Este virus es tan frecuente que la mayor\u00eda de ni\u00f1os menores de 2 a\u00f1os se habr\u00e1n infectado con \u00e9l en alguna ocasi\u00f3n, y lo seguir\u00e1n haciendo a lo largo de su vida a causa de la poca y corta reacci\u00f3n inmune que genera en el organismo.<\/p>\n\n\n\n<h2 class=\"wp-block-heading\"><strong>\u00bfEn qu\u00e9 \u00e9poca es m\u00e1s frecuente el Virus Respiratorio Sincitial?<\/strong><\/h2>\n\n\n\n<p>Dependiendo del pa\u00eds en el que nos encontremos, los meses de mayor prevalencia del virus variar\u00e1n. En Espa\u00f1a este virus suele atacar m\u00e1s el sistema respiratorio del ser humano en meses como diciembre y enero, aunque el tramo de incidencia es m\u00e1s largo y va desde noviembre al inicio de la primavera.<\/p>\n\n\n\n<h2 class=\"wp-block-heading\"><strong>\u00bfC\u00f3mo se transmite el Virus Respiratorio Sincitial?<\/strong><\/h2>\n\n\n\n<p>Este virus respiratorio se contagia <strong>por el contacto entre personas<\/strong> a trav\u00e9s de:<\/p>\n\n\n\n<ul class=\"wp-block-list\">\n<li>Contacto estrecho con besos o acercamiento.<\/li>\n\n\n\n<li>V\u00eda a\u00e9rea mediante la tos o el estornudo.<\/li>\n\n\n\n<li>El contacto con un objeto infectado para luego tocarse la boca, nariz o los ojos.<\/li>\n<\/ul>\n\n\n\n<p>El tramo en el que la persona infectada es m\u00e1s contagiosa va desde los tres primeros d\u00edas a los ocho. En ciertas ocasiones, situaciones concretas como las defensas bajas en beb\u00e9s o ancianos propician que estos colectivos puedan seguir siendo contagiosos hasta el mes.<\/p>\n\n\n\n<h2 class=\"wp-block-heading\"><strong>\u00bfQu\u00e9 s\u00edntomas produce el Virus Respiratorio Sincitial?<\/strong><\/h2>\n\n\n\n<p>Los primeros s\u00edntomas del Virus Respiratorio Sincitial suelen aparecer unos 4-6 d\u00edas despu\u00e9s del contagio y son:<\/p>\n\n\n\n<ul class=\"wp-block-list\">\n<li><strong>Fiebre<\/strong><\/li>\n\n\n\n<li><strong>Tos y estornudos<\/strong><\/li>\n\n\n\n<li><strong>P\u00e9rdida del apetito<\/strong><\/li>\n\n\n\n<li><strong>Respiraci\u00f3n ruidosa y con ciertos pitidos<\/strong><\/li>\n\n\n\n<li><strong>Congesti\u00f3n de las v\u00edas \u00e1reas, en especial la nariz<\/strong><\/li>\n<\/ul>\n\n\n\n<h2 class=\"wp-block-heading\"><strong>\u00bfSe puede prevenir el Virus Respiratorio Sincitial?<\/strong><\/h2>\n\n\n\n<p>Para los ni\u00f1os que est\u00e1n en cierto riesgo si contrajeran el Virus Sincitial existe un f\u00e1rmaco que ayuda a prevenir el contagio. Algunos ejemplos de personas con m\u00e1s riesgo potencial en caso de contraerlo son: beb\u00e9s prematuros, los que padezcan alguna enfermedad cardiaca cong\u00e9nita, o con patolog\u00eda pulmonar.<\/p>\n\n\n\n<p>Adem\u00e1s, las personas con m\u00e1s de 60 a\u00f1os pueden ponerse la vacuna espec\u00edfica para este virus.<\/p>\n\n\n\n<p>Pero lo mejor es intentar reducir el riesgo de contagio con una <strong>serie de pautas sencillas<\/strong> que nos evitar\u00e1n riesgos mayores, como por ejemplo:<\/p>\n\n\n\n<ul class=\"wp-block-list\">\n<li>Lavado de manos constante a lo largo del d\u00eda con agua y jab\u00f3n.<\/li>\n\n\n\n<li>Evitar el contacto cercano con personas que sospechemos que est\u00e1n enfermas.<\/li>\n\n\n\n<li>No esparcir posibles virus con nuestra tos o estornudos. Para evitarlo es mejor cubrirse la boca y la nariz con pa\u00f1uelo desechable.<\/li>\n\n\n\n<li>No salir de casa cuando atravesemos un cuadro que pueda ser compatible con el Virus Respiratorio Sincitial.<\/li>\n\n\n\n<li>Tocarse la cara, la nariz o los ojos cuanto menos mejor, y siempre guardando una correcta higiene.<\/li>\n<\/ul>\n\n\n\n<p>Para cualquier duda relacionada con cualquier patolog\u00eda respiratoria no dudes en pedir cita con la <a href=\"https:\/\/hospitalochoa.com\/es\/especialidades\/neumologia\/\">Especialidad de Neumolog\u00eda de Hospital Ochoa<\/a>. Estaremos encantados de atenderte y resolver cualquier cuesti\u00f3n que te preocupe.<\/p>\n\n\n\n<figure class=\"wp-block-embed is-type-wp-embed is-provider-hospital-ochoa-en-marbella wp-block-embed-hospital-ochoa-en-marbella\"><div class=\"wp-block-embed__wrapper\">\n<blockquote class=\"wp-embedded-content\" data-secret=\"lRjnBDJJ4I\"><a href=\"https:\/\/hospitalochoa.com\/es\/especialidades\/neumologia\/\">Neumolog\u00eda<\/a><\/blockquote><iframe loading=\"lazy\" class=\"wp-embedded-content\" sandbox=\"allow-scripts\" security=\"restricted\" style=\"position: absolute; clip: rect(1px, 1px, 1px, 1px);\" title=\"\u00abNeumolog\u00eda\u00bb \u2014 Hospital Ochoa en Marbella\" src=\"https:\/\/hospitalochoa.com\/es\/especialidades\/neumologia\/embed\/#?secret=SrAUtewsBN#?secret=lRjnBDJJ4I\" data-secret=\"lRjnBDJJ4I\" width=\"500\" height=\"282\" frameborder=\"0\" marginwidth=\"0\" marginheight=\"0\" scrolling=\"no\"><\/iframe>\n<\/div><\/figure>\n","protected":false},"excerpt":{"rendered":"<p>Este virus es tan frecuente que la mayor\u00eda de ni\u00f1os menores de 2 a\u00f1os se habr\u00e1n infectado con \u00e9l en alguna ocasi\u00f3n.<\/p>\n","protected":false},"author":9,"featured_media":10841,"comment_status":"open","ping_status":"open","sticky":false,"template":"","format":"standard","meta":{"_acf_changed":false,"inline_featured_image":false,"footnotes":""},"categories":[898,918],"tags":[645,470,756,507,476,1381,492,1721,649],"class_list":["post-10840","post","type-post","status-publish","format-standard","has-post-thumbnail","hentry","category-neumologia","category-pediatria","tag-contagio","tag-hospital-ochoa","tag-invierno","tag-marbella","tag-ninos","tag-resfriado","tag-salud","tag-tercera-edad","tag-virus"],"acf":[],"_links":{"self":[{"href":"https:\/\/hospitalochoa.com\/es\/wp-json\/wp\/v2\/posts\/10840","targetHints":{"allow":["GET"]}}],"collection":[{"href":"https:\/\/hospitalochoa.com\/es\/wp-json\/wp\/v2\/posts"}],"about":[{"href":"https:\/\/hospitalochoa.com\/es\/wp-json\/wp\/v2\/types\/post"}],"author":[{"embeddable":true,"href":"https:\/\/hospitalochoa.com\/es\/wp-json\/wp\/v2\/users\/9"}],"replies":[{"embeddable":true,"href":"https:\/\/hospitalochoa.com\/es\/wp-json\/wp\/v2\/comments?post=10840"}],"version-history":[{"count":0,"href":"https:\/\/hospitalochoa.com\/es\/wp-json\/wp\/v2\/posts\/10840\/revisions"}],"wp:featuredmedia":[{"embeddable":true,"href":"https:\/\/hospitalochoa.com\/es\/wp-json\/wp\/v2\/media\/10841"}],"wp:attachment":[{"href":"https:\/\/hospitalochoa.com\/es\/wp-json\/wp\/v2\/media?parent=10840"}],"wp:term":[{"taxonomy":"category","embeddable":true,"href":"https:\/\/hospitalochoa.com\/es\/wp-json\/wp\/v2\/categories?post=10840"},{"taxonomy":"post_tag","embeddable":true,"href":"https:\/\/hospitalochoa.com\/es\/wp-json\/wp\/v2\/tags?post=10840"}],"curies":[{"name":"wp","href":"https:\/\/api.w.org\/{rel}","templated":true}]}}