{"id":10994,"date":"2023-09-09T15:41:51","date_gmt":"2023-09-09T15:41:51","guid":{"rendered":"https:\/\/hospitalochoa.com\/?p=10994"},"modified":"2023-09-09T15:42:34","modified_gmt":"2023-09-09T15:42:34","slug":"es-peligrosa-la-apnea-del-sueno","status":"publish","type":"post","link":"https:\/\/hospitalochoa.com\/es\/es-peligrosa-la-apnea-del-sueno\/","title":{"rendered":"\u00bfEs peligrosa la apnea del sue\u00f1o?"},"content":{"rendered":"\n<p>La apnea del sue\u00f1o es un trastorno frecuente que tiene lugar cuando la respiraci\u00f3n durante el periodo de sue\u00f1o se interrumpe o debilita. Es importante vigilar su aparici\u00f3n ya que al producirse mientras no estamos conscientes puede llegar a ser potencialmente peligrosa. Te mostramos los s\u00edntomas m\u00e1s comunes que te pueden alertar de que la padeces.<\/p>\n\n\n\n<h2 class=\"wp-block-heading\"><strong>\u00bfCu\u00e1ntos tipos de apnea del sue\u00f1o existen?<\/strong><\/h2>\n\n\n\n<p>Este trastorno respiratorio puede ser de tres tipos principalmente:<\/p>\n\n\n\n<ul class=\"wp-block-list\">\n<li><strong>Apnea obstructiva del sue\u00f1o<\/strong>: es la m\u00e1s com\u00fan y se produce por el bloqueo del flujo de aire a los pulmones debido a la relajaci\u00f3n de los m\u00fasculos propios de la garganta.<\/li>\n\n\n\n<li><strong>Apnea central<\/strong>: esta clase de trastorno aparece cuando el cerebro del paciente no es capaz de transmitir las se\u00f1ales de forma correcta a los m\u00fasculos que se encargan de controlar el movimiento respiratorio.<\/li>\n\n\n\n<li><strong>Apnea del sue\u00f1o compleja<\/strong>: Cuando un paciente est\u00e1 siendo tratado de la apnea obstructiva del sue\u00f1o puede desarrollar apnea central al recibir ese procedimiento m\u00e9dico.<\/li>\n<\/ul>\n\n\n\n<h2 class=\"wp-block-heading\"><strong>\u00bfQu\u00e9 personas son m\u00e1s propensas a sufrir apnea del sue\u00f1o?<\/strong><\/h2>\n\n\n\n<p>En efecto, ciertas personas son m\u00e1s proclives a desarrollar una apnea del sue\u00f1o mientras duermen. Son hombres con problemas de obesidad, que cuentan con antecedentes de esta enfermedad en su familia o que poseen unas v\u00edas respiratorias de peque\u00f1o tama\u00f1o. Las mujeres de la tercera edad o con sobrepeso tambi\u00e9n tienen un riesgo mayor de sufrir este trastorno respiratorio.<\/p>\n\n\n\n<p>Otro factor de riesgo para desarrollar la apnea del sue\u00f1o es el grosor del cuello, ya que las personas con un cuello m\u00e1s grueso pueden presentar las v\u00edas respiratorias m\u00e1s estrechas.<\/p>\n\n\n\n<p>Para que el especialista lleve a cabo un diagn\u00f3stico certero es necesario revisar el historial cl\u00ednico y realizar un examen f\u00edsico, que junto al an\u00e1lisis del propio sue\u00f1o, dar\u00e1n una idea completa de cu\u00e1l es el problema concreto que sufre el paciente.<\/p>\n\n\n\n<h2 class=\"wp-block-heading\"><strong>\u00bfQu\u00e9 s\u00edntomas son propios de la apnea del sue\u00f1o?<\/strong><\/h2>\n\n\n\n<p>Es importante destacar que los s\u00edntomas de la apnea obstructiva del sue\u00f1o son similares a las del resto de apneas, por lo que identificar qu\u00e9 tipo de trastorno es el que est\u00e1 padeciendo la persona es ciertamente complicado en determinados casos.<\/p>\n\n\n\n<p>Los m\u00e1s frecuentes son:<\/p>\n\n\n\n<ul class=\"wp-block-list\">\n<li>Cortes de la respiraci\u00f3n mientras duerme<\/li>\n\n\n\n<li>Jadeos continuados durante la noche<\/li>\n\n\n\n<li>Ronquidos profundos<\/li>\n\n\n\n<li>Boca seca al despertar<\/li>\n\n\n\n<li>Insomnio recurrente<\/li>\n\n\n\n<li>Dolor de cabeza por la ma\u00f1ana<\/li>\n\n\n\n<li>Sensaci\u00f3n de cansancio durante la jornada<\/li>\n\n\n\n<li>Incapacidad para prestar atenci\u00f3n<\/li>\n\n\n\n<li>Cambios de humor e irritabilidad<\/li>\n<\/ul>\n\n\n\n<h2 class=\"wp-block-heading\"><strong>\u00bfPuede la apnea del sue\u00f1o derivar en complicaciones?<\/strong><\/h2>\n\n\n\n<p>As\u00ed es. La apnea del sue\u00f1o no es un problema de salud leve y sus consecuencias pueden ser muy graves si no son atajadas a tiempo. En concreto, la falta de ox\u00edgeno derivada de la apnea obstructiva incrementa la tensi\u00f3n arterial y con ello sobrecarga al sistema cardiovascular.<\/p>\n\n\n\n<p>Adem\u00e1s, aumenta el riesgo de sufrir un accidente cerebrovascular o ataque cardiaco. Por otro lado, la apnea del sue\u00f1o tambi\u00e9n est\u00e1 relacionada con una mayor predisposici\u00f3n a padecer diabetes tipo 2, problemas de h\u00edgado e, indirectamente, incidir en la calidad del sue\u00f1o y el descanso de la pareja por culpa del ruido que producen los continuos ronquidos durante la noche.<\/p>\n\n\n\n<figure class=\"wp-block-embed is-type-wp-embed is-provider-hospital-ochoa-en-marbella wp-block-embed-hospital-ochoa-en-marbella\"><div class=\"wp-block-embed__wrapper\">\n<blockquote class=\"wp-embedded-content\" data-secret=\"ylKeO77UvH\"><a href=\"https:\/\/hospitalochoa.com\/es\/especialidades\/neumologia\/\">Neumolog\u00eda<\/a><\/blockquote><iframe loading=\"lazy\" class=\"wp-embedded-content\" sandbox=\"allow-scripts\" security=\"restricted\" style=\"position: absolute; clip: rect(1px, 1px, 1px, 1px);\" title=\"\u00abNeumolog\u00eda\u00bb \u2014 Hospital Ochoa en Marbella\" src=\"https:\/\/hospitalochoa.com\/es\/especialidades\/neumologia\/embed\/#?secret=cfFLvFZc7b#?secret=ylKeO77UvH\" data-secret=\"ylKeO77UvH\" width=\"500\" height=\"282\" frameborder=\"0\" marginwidth=\"0\" marginheight=\"0\" scrolling=\"no\"><\/iframe>\n<\/div><\/figure>\n","protected":false},"excerpt":{"rendered":"<p>La apnea del sue\u00f1o no es un problema de salud leve y sus consecuencias pueden ser muy graves si no son atajadas a tiempo.<\/p>\n","protected":false},"author":9,"featured_media":10995,"comment_status":"open","ping_status":"open","sticky":false,"template":"","format":"standard","meta":{"_acf_changed":false,"inline_featured_image":false,"footnotes":""},"categories":[898],"tags":[1779,1781,1783,470,507,1784,1782,1785,492],"class_list":["post-10994","post","type-post","status-publish","format-standard","has-post-thumbnail","hentry","category-neumologia","tag-accidentes-domesticos","tag-botiquin","tag-farmacos","tag-hospital-ochoa","tag-marbella","tag-medicamentos","tag-medicinas","tag-primeros-auxilios","tag-salud"],"acf":[],"_links":{"self":[{"href":"https:\/\/hospitalochoa.com\/es\/wp-json\/wp\/v2\/posts\/10994","targetHints":{"allow":["GET"]}}],"collection":[{"href":"https:\/\/hospitalochoa.com\/es\/wp-json\/wp\/v2\/posts"}],"about":[{"href":"https:\/\/hospitalochoa.com\/es\/wp-json\/wp\/v2\/types\/post"}],"author":[{"embeddable":true,"href":"https:\/\/hospitalochoa.com\/es\/wp-json\/wp\/v2\/users\/9"}],"replies":[{"embeddable":true,"href":"https:\/\/hospitalochoa.com\/es\/wp-json\/wp\/v2\/comments?post=10994"}],"version-history":[{"count":0,"href":"https:\/\/hospitalochoa.com\/es\/wp-json\/wp\/v2\/posts\/10994\/revisions"}],"wp:featuredmedia":[{"embeddable":true,"href":"https:\/\/hospitalochoa.com\/es\/wp-json\/wp\/v2\/media\/10995"}],"wp:attachment":[{"href":"https:\/\/hospitalochoa.com\/es\/wp-json\/wp\/v2\/media?parent=10994"}],"wp:term":[{"taxonomy":"category","embeddable":true,"href":"https:\/\/hospitalochoa.com\/es\/wp-json\/wp\/v2\/categories?post=10994"},{"taxonomy":"post_tag","embeddable":true,"href":"https:\/\/hospitalochoa.com\/es\/wp-json\/wp\/v2\/tags?post=10994"}],"curies":[{"name":"wp","href":"https:\/\/api.w.org\/{rel}","templated":true}]}}