{"id":11068,"date":"2023-10-29T11:10:53","date_gmt":"2023-10-29T11:10:53","guid":{"rendered":"https:\/\/hospitalochoa.com\/?p=11068"},"modified":"2023-10-29T11:10:56","modified_gmt":"2023-10-29T11:10:56","slug":"el-otono-y-sus-enfermedades-mas-tipicas","status":"publish","type":"post","link":"https:\/\/hospitalochoa.com\/es\/el-otono-y-sus-enfermedades-mas-tipicas\/","title":{"rendered":"El oto\u00f1o y sus enfermedades m\u00e1s t\u00edpicas: consejos para permanecer sano"},"content":{"rendered":"\n<p>El verano queda atr\u00e1s y con \u00e9l sus altas temperaturas y condiciones amables que nos suelen mantener alejados de las patolog\u00edas respiratorias y alergias. El oto\u00f1o, por el contrario, es \u00e9poca propicia para la aparici\u00f3n de enfermedades relacionadas con el fr\u00edo y los virus.<\/p>\n\n\n\n<p>Las principales enfermedades que aparecen con la bajada de temperaturas propias del oto\u00f1o son: neumon\u00eda, bronquitis, asma, alergia respiratoria, sinusitis o rinitis. Pero si sigues este conjunto de consejos podr\u00e1s permanecer sano y evitar momentos desagradables.<\/p>\n\n\n\n<h2 class=\"wp-block-heading\"><strong>\u00bfQu\u00e9 puede hacer para prevenir las enfermedades t\u00edpicas del oto\u00f1o?<\/strong><\/h2>\n\n\n\n<p>El cambio de estaci\u00f3n de verano a oto\u00f1o es uno de los que m\u00e1s problemas puede causar a nivel de salud en el organismo. De unas temperaturas suaves y agradables pasamos al fr\u00edo y el cambio de hora que provocan que pasemos menos horas al aire libre, tomemos menos luz solar y que nos convirtamos en un blanco m\u00e1s f\u00e1cil de virus y bacterias.<\/p>\n\n\n\n<p>Enfermedades como: neumon\u00eda, bronquitis, asma, alergia respiratoria, sinusitis o rinitis suelen aparecer con mayor asiduidad cuando llega el fr\u00edo y pasamos m\u00e1s tiempo en entornos cerrados y con poca ventilaci\u00f3n. Pero la buena noticia es que casi todas ellas se pueden prevenir.<\/p>\n\n\n\n<ul class=\"wp-block-list\">\n<li>Mant\u00e9n una buena hidrataci\u00f3n<\/li>\n\n\n\n<li>Limpia tu casa con mayor asiduidad, si cabe<\/li>\n\n\n\n<li>Alim\u00e9ntate a base de frutas, verduras y legumbres porque est\u00e1n llenas de vitaminas y micronutrientes que ayudan al organismo a funcionar correctamente<\/li>\n\n\n\n<li>Usa humidificadores de ambiente y airea las estancias constantemente<\/li>\n\n\n\n<li>No abuses de paseos cerca de aglomeraciones o centros comerciales donde hay poca ventilaci\u00f3n<\/li>\n<\/ul>\n\n\n\n<h2 class=\"wp-block-heading\"><strong>\u00bfCu\u00e1les son las enfermedades propias del oto\u00f1o?<\/strong><\/h2>\n\n\n\n<p><strong>Bronquitis<\/strong><\/p>\n\n\n\n<p>La bronquitis forma parte del diagn\u00f3stico conocido como \u201cEnfermedad Pulmonar Obstructiva Cr\u00f3nica\u201d (EPOC) un grupo de patolog\u00edas que poseen como denominador com\u00fan las limitaciones que causan en el flujo del aire pulmonar.<\/p>\n\n\n\n<p>La falta de aire o incapacidad para respirar adecuadamente son los signos de alerta que pueden llevarnos a pensar que la estamos padeciendo, adem\u00e1s de tos y expulsi\u00f3n de esputo. Conforme sus s\u00edntomas se agravan, la vida diaria del paciente se vuelve m\u00e1s complicada y subir una simple escalera puede convertirse en un gran reto.<\/p>\n\n\n\n<p><strong>Asma<\/strong><\/p>\n\n\n\n<p>Se trata de una patolog\u00eda de las v\u00edas respiratorias cr\u00f3nica y que tambi\u00e9n provoca la obstrucci\u00f3n del flujo del aire. Se puede revertir mediante tratamiento o de manera espont\u00e1nea. El asma afecta en el mundo a m\u00e1s de 300 millones de personas y a menudo sea asocia a la rinitis y puede venir desencadenada por las alergias.<\/p>\n\n\n\n<p><strong>Sinusitis y rinitis al\u00e9rgica<\/strong><\/p>\n\n\n\n<p>Si eres al\u00e9rgico a algo y te expones a ese agente lo m\u00e1s probable es que se desencadene una rinitis al\u00e9rgica que no es m\u00e1s que la inflamaci\u00f3n de los senos nasales. Como resultado de una rinitis a menudo aparece la sinusitis, ya que la nariz se llena de l\u00edquido a causa de la congesti\u00f3n. Este entorno h\u00famedo se convierte en propicio para la aparici\u00f3n de microorganismos y provoca los conocidos s\u00edntomas como cefaleas y mucosidad. Dependiendo de si nos encontramos ante un caso agudo o cr\u00f3nico se puede curar sin necesidad de f\u00e1rmacos o, por el contrario, administrando un espray nasal e incluso antibi\u00f3ticos.<\/p>\n\n\n\n<p><strong>Neumon\u00eda<\/strong><\/p>\n\n\n\n<p>Esta patolog\u00eda de los alveolos pulmonares provoca que se llenen de pus y convierte la respiraci\u00f3n en algo doloroso y menos eficiente. Como resultado el paciente tiene verdaderos problemas para respirar; puede venir producida por hongos, bacterias o virus. En los casos m\u00e1s graves ser\u00e1 necesaria la hospitalizaci\u00f3n, aunque en situaciones m\u00e1s leves bastar\u00e1 con un tratamiento para eliminar al agente que provoque la infecci\u00f3n pulmonar.<\/p>\n\n\n\n<h2 class=\"wp-block-heading\"><strong>Consejos para permanecer sano en oto\u00f1o<\/strong><\/h2>\n\n\n\n<p>En general, existen una serie de pautas que conseguir\u00e1n que disfrutes del oto\u00f1o a salvo de cualquier patolog\u00eda, o al menos, que si sufres alguna de ellas sea lo m\u00e1s leve posible.<\/p>\n\n\n\n<p>Son consejos sencillos que conseguir\u00e1n que tu vida sea mucho m\u00e1s llevadera tras el verano y que la vuelta a la rutina no sea necesariamente un paso negativo:<\/p>\n\n\n\n<ul class=\"wp-block-list\">\n<li><strong>Mant\u00e9n unas defensas fuertes<\/strong>. Esto lo conseguir\u00e1s si llevas una alimentaci\u00f3n correcta y equilibrada, haces deporte con regularidad, descansas bien por las noches y tomas la suficiente luz solar para que el organismo cuente con la vitamina D que necesita.<\/li>\n\n\n\n<li><strong>Alerta con los resfriados<\/strong>. Esta \u00e9poca m\u00e1s inestable en cuanto a las temperaturas y a causa de los continuos cambios de ambiente de la calle a los sitios cerrados pueden acarrear que el cuerpo se resienta. Como consejos principales hay que destacar el lavado de manos, elegir la ropa adecuada dependiendo del lugar al que vayamos y apoyarse en la vacunaci\u00f3n, principalmente contra la gripe, tan extendida en estos meses del a\u00f1o.<\/li>\n\n\n\n<li><strong>\u00a1Combate la astenia oto\u00f1al!<\/strong> Cuando hablamos de permanecer sanos tambi\u00e9n nos referimos a la salud mental. Haz planes que te apetezcan y cuida tus emociones. Es importante desconectar del plano laboral al menos unas horas cada semana para evitar que crezca el estr\u00e9s y la ansiedad.<\/li>\n<\/ul>\n\n\n\n<figure class=\"wp-block-embed is-type-wp-embed is-provider-hospital-ochoa-en-marbella wp-block-embed-hospital-ochoa-en-marbella\"><div class=\"wp-block-embed__wrapper\">\n<blockquote class=\"wp-embedded-content\" data-secret=\"hh39Xyagne\"><a href=\"https:\/\/hospitalochoa.com\/es\/especialidades\/medicina-familiar\/\">Medicina Familiar<\/a><\/blockquote><iframe loading=\"lazy\" class=\"wp-embedded-content\" sandbox=\"allow-scripts\" security=\"restricted\" style=\"position: absolute; clip: rect(1px, 1px, 1px, 1px);\" title=\"\u00abMedicina Familiar\u00bb \u2014 Hospital Ochoa en Marbella\" src=\"https:\/\/hospitalochoa.com\/es\/especialidades\/medicina-familiar\/embed\/#?secret=vzcQi7ZYOd#?secret=hh39Xyagne\" data-secret=\"hh39Xyagne\" width=\"500\" height=\"282\" frameborder=\"0\" marginwidth=\"0\" marginheight=\"0\" scrolling=\"no\"><\/iframe>\n<\/div><\/figure>\n","protected":false},"excerpt":{"rendered":"<p>El cambio de estaci\u00f3n de verano a oto\u00f1o es uno de los que m\u00e1s problemas puede causar a nivel de salud en el organismo.<\/p>\n","protected":false},"author":9,"featured_media":11070,"comment_status":"open","ping_status":"open","sticky":false,"template":"","format":"standard","meta":{"_acf_changed":false,"inline_featured_image":false,"footnotes":""},"categories":[909],"tags":[1819,693,1510,788,657,779,470,507,718,685,492,1825],"class_list":["post-11068","post","type-post","status-publish","format-standard","has-post-thumbnail","hentry","category-medicina-general","tag-aire-libre","tag-alergia","tag-aprendizaje","tag-bronquitis","tag-consejos","tag-deporte","tag-hospital-ochoa","tag-marbella","tag-otono","tag-patologias","tag-salud","tag-sinusitis"],"acf":[],"_links":{"self":[{"href":"https:\/\/hospitalochoa.com\/es\/wp-json\/wp\/v2\/posts\/11068","targetHints":{"allow":["GET"]}}],"collection":[{"href":"https:\/\/hospitalochoa.com\/es\/wp-json\/wp\/v2\/posts"}],"about":[{"href":"https:\/\/hospitalochoa.com\/es\/wp-json\/wp\/v2\/types\/post"}],"author":[{"embeddable":true,"href":"https:\/\/hospitalochoa.com\/es\/wp-json\/wp\/v2\/users\/9"}],"replies":[{"embeddable":true,"href":"https:\/\/hospitalochoa.com\/es\/wp-json\/wp\/v2\/comments?post=11068"}],"version-history":[{"count":0,"href":"https:\/\/hospitalochoa.com\/es\/wp-json\/wp\/v2\/posts\/11068\/revisions"}],"wp:featuredmedia":[{"embeddable":true,"href":"https:\/\/hospitalochoa.com\/es\/wp-json\/wp\/v2\/media\/11070"}],"wp:attachment":[{"href":"https:\/\/hospitalochoa.com\/es\/wp-json\/wp\/v2\/media?parent=11068"}],"wp:term":[{"taxonomy":"category","embeddable":true,"href":"https:\/\/hospitalochoa.com\/es\/wp-json\/wp\/v2\/categories?post=11068"},{"taxonomy":"post_tag","embeddable":true,"href":"https:\/\/hospitalochoa.com\/es\/wp-json\/wp\/v2\/tags?post=11068"}],"curies":[{"name":"wp","href":"https:\/\/api.w.org\/{rel}","templated":true}]}}