{"id":11261,"date":"2024-01-23T17:58:15","date_gmt":"2024-01-23T17:58:15","guid":{"rendered":"https:\/\/hospitalochoa.com\/?p=11261"},"modified":"2024-01-23T17:58:33","modified_gmt":"2024-01-23T17:58:33","slug":"son-las-ojeras-sintoma-preocupante","status":"publish","type":"post","link":"https:\/\/hospitalochoa.com\/es\/son-las-ojeras-sintoma-preocupante\/","title":{"rendered":"\u00bfSon las ojeras un s\u00edntoma preocupante de alguna patolog\u00eda?"},"content":{"rendered":"\n<p>\u00bfSon las ojeras un s\u00edntoma preocupante de alguna patolog\u00eda? Esas manchas oscuras que aparecen bajo los ojos suelen estar asociadas a la fatiga o falta de sue\u00f1o, pero sus causas son diversas e incluyen las alergias o el propio envejecimiento natural de la persona.<\/p>\n\n\n\n<p>Por tanto, esos c\u00edrculos de diferentes tonalidades oscuras que van desde el marr\u00f3n al p\u00farpura o al negro que solemos presentar bajo los ojos en ciertos periodos no deben ser preocupantes, m\u00e1s all\u00e1 de su car\u00e1cter antiest\u00e9tico en el rostro.<\/p>\n\n\n\n<h2 class=\"wp-block-heading\"><strong>\u00bfPor qu\u00e9 aparecen las ojeras?<\/strong><\/h2>\n\n\n\n<p>Como ya hemos comentado, las causas de las ojeras son diversas y entre estos factores de riesgo podemos citar:<\/p>\n\n\n\n<ul class=\"wp-block-list\">\n<li>Falta de hidrataci\u00f3n<\/li>\n\n\n\n<li>Factor hereditario<\/li>\n\n\n\n<li>Falta de descanso apropiado o malos h\u00e1bitos de sue\u00f1o<\/li>\n\n\n\n<li>Alergias diversas<\/li>\n\n\n\n<li>Exposici\u00f3n prolongada al sol<\/li>\n\n\n\n<li>Hiperpigmentaci\u00f3n<\/li>\n\n\n\n<li>Estados de anemia<\/li>\n\n\n\n<li>Tabaquismo<\/li>\n\n\n\n<li>Rascarse los ojos frecuentemente<\/li>\n\n\n\n<li>Patolog\u00edas del tiroides<\/li>\n\n\n\n<li>Dermatitis<\/li>\n\n\n\n<li>Ciertos tratamientos a trav\u00e9s de gotas oculares para el glaucoma<\/li>\n<\/ul>\n\n\n\n<p>Adem\u00e1s, el hecho de pertenecer a ciertas etnias cuya piel es m\u00e1s oscura tambi\u00e9n predispone a\u00fan m\u00e1s al hecho de padecer ojeras.<\/p>\n\n\n\n<h2 class=\"wp-block-heading\"><strong>\u00bfSe pueden prevenir las ojeras?&nbsp;&nbsp;&nbsp;&nbsp;&nbsp;&nbsp;&nbsp;&nbsp;&nbsp;&nbsp;&nbsp;&nbsp;&nbsp;&nbsp;&nbsp;&nbsp;<\/strong><\/h2>\n\n\n\n<p>En efecto, todos podemos llevar a cabo ciertas rutinas para evitar la aparici\u00f3n de las molestas ojeras. Es fundamental prestar una especial atenci\u00f3n al estilo de vida y conseguir cambiar aquellas costumbres o h\u00e1bitos que pueden provocar que la parte inferior de los ojos se torne oscura.<\/p>\n\n\n\n<p>Como principales consejos para prevenir las ojeras est\u00e1n el permanecer bien hidratado durante toda la jornada,  el buen descanso y alejarse del estr\u00e9s de la vida diaria; usar gafas de sol con protecci\u00f3n UV y cremas solares para proteger la zona ocular de la luz directa del sol y, por \u00faltimo, dejar el tabaco y reducir la ingesta de bebidas alcoh\u00f3licas, porque ambos h\u00e1bitos aceleran el proceso normal del envejecimiento, al igual que la sal de mesa que debemos ir rebajando cada vez m\u00e1s de nuestros platos.<\/p>\n\n\n\n<h2 class=\"wp-block-heading\"><strong>\u00bfExisten remedios caseros para las ojeras?<\/strong><\/h2>\n\n\n\n<p>Las bolsas y ojeras pueden disimularse e incluso atajarse aplicando ciertos productos que todos solemos tener en la nevera o en la despensa. Se han demostrado eficaces por aplicaci\u00f3n directa en la zona oscurecida:<\/p>\n\n\n\n<ul class=\"wp-block-list\">\n<li><strong>Fr\u00edo localizado<\/strong> para reducir la inflamaci\u00f3n<\/li>\n\n\n\n<li>El <strong>pepino<\/strong>, quiz\u00e1s el alimento con m\u00e1s fama a la hora de conseguir efectos milagrosos en la zona de los ojos gracias a su frescura reci\u00e9n sacado del frigor\u00edfico, su alto potencial como hidratante y su gran contenido en vitamina E.<\/li>\n\n\n\n<li>Las <strong>bolsitas de manzanilla<\/strong> son tambi\u00e9n muy utilizadas a nivel dom\u00e9stico para rebajar la inflamaci\u00f3n ocular; otras infusiones que tambi\u00e9n sirven para eliminar las ojeras son el t\u00e9 verde o la hierbabuena.<\/li>\n\n\n\n<li>El <strong>aceite de almendras<\/strong> contiene grandes concentraciones de vitaminas A, B y E y adem\u00e1s es de r\u00e1pida absorci\u00f3n por la piel. Hace d\u00e9cadas que la cosm\u00e9tica se fijo en los poderes rejuvenecedores de este fruto y es muy usado en todo tipo de lociones y cremas.<\/li>\n<\/ul>\n\n\n\n<figure class=\"wp-block-embed is-type-wp-embed is-provider-hospital-ochoa-en-marbella wp-block-embed-hospital-ochoa-en-marbella\"><div class=\"wp-block-embed__wrapper\">\n<blockquote class=\"wp-embedded-content\" data-secret=\"nnKYf3zjGW\"><a href=\"https:\/\/hospitalochoa.com\/es\/especialidades\/dermatologia\/\">Dermatolog\u00eda<\/a><\/blockquote><iframe loading=\"lazy\" class=\"wp-embedded-content\" sandbox=\"allow-scripts\" security=\"restricted\" style=\"position: absolute; clip: rect(1px, 1px, 1px, 1px);\" title=\"\u00abDermatolog\u00eda\u00bb \u2014 Hospital Ochoa en Marbella\" src=\"https:\/\/hospitalochoa.com\/es\/especialidades\/dermatologia\/embed\/#?secret=67pXYsoRsC#?secret=nnKYf3zjGW\" data-secret=\"nnKYf3zjGW\" width=\"500\" height=\"282\" frameborder=\"0\" marginwidth=\"0\" marginheight=\"0\" scrolling=\"no\"><\/iframe>\n<\/div><\/figure>\n","protected":false},"excerpt":{"rendered":"<p>Esas manchas oscuras que aparecen bajo los ojos suelen estar asociadas a la fatiga o falta de sue\u00f1o, pero sus causas son diversas e incluyen las alergias o el propio envejecimiento.<\/p>\n","protected":false},"author":9,"featured_media":11262,"comment_status":"open","ping_status":"open","sticky":false,"template":"","format":"standard","meta":{"_acf_changed":false,"inline_featured_image":false,"footnotes":""},"categories":[913],"tags":[1912,470,507,1911,629,1913,685],"class_list":["post-11261","post","type-post","status-publish","format-standard","has-post-thumbnail","hentry","category-dermatologia","tag-bolsas-oculares","tag-hospital-ochoa","tag-marbella","tag-ojeras","tag-ojo","tag-parpados","tag-patologias"],"acf":[],"_links":{"self":[{"href":"https:\/\/hospitalochoa.com\/es\/wp-json\/wp\/v2\/posts\/11261","targetHints":{"allow":["GET"]}}],"collection":[{"href":"https:\/\/hospitalochoa.com\/es\/wp-json\/wp\/v2\/posts"}],"about":[{"href":"https:\/\/hospitalochoa.com\/es\/wp-json\/wp\/v2\/types\/post"}],"author":[{"embeddable":true,"href":"https:\/\/hospitalochoa.com\/es\/wp-json\/wp\/v2\/users\/9"}],"replies":[{"embeddable":true,"href":"https:\/\/hospitalochoa.com\/es\/wp-json\/wp\/v2\/comments?post=11261"}],"version-history":[{"count":0,"href":"https:\/\/hospitalochoa.com\/es\/wp-json\/wp\/v2\/posts\/11261\/revisions"}],"wp:featuredmedia":[{"embeddable":true,"href":"https:\/\/hospitalochoa.com\/es\/wp-json\/wp\/v2\/media\/11262"}],"wp:attachment":[{"href":"https:\/\/hospitalochoa.com\/es\/wp-json\/wp\/v2\/media?parent=11261"}],"wp:term":[{"taxonomy":"category","embeddable":true,"href":"https:\/\/hospitalochoa.com\/es\/wp-json\/wp\/v2\/categories?post=11261"},{"taxonomy":"post_tag","embeddable":true,"href":"https:\/\/hospitalochoa.com\/es\/wp-json\/wp\/v2\/tags?post=11261"}],"curies":[{"name":"wp","href":"https:\/\/api.w.org\/{rel}","templated":true}]}}