{"id":11484,"date":"2024-08-12T11:24:46","date_gmt":"2024-08-12T11:24:46","guid":{"rendered":"https:\/\/hospitalochoa.com\/?p=11484"},"modified":"2024-08-12T11:25:27","modified_gmt":"2024-08-12T11:25:27","slug":"relacion-entre-la-dieta-prenatal-y-el-autismo","status":"publish","type":"post","link":"https:\/\/hospitalochoa.com\/es\/relacion-entre-la-dieta-prenatal-y-el-autismo\/","title":{"rendered":"\u00bfExiste una relaci\u00f3n real entre la dieta prenatal y el autismo?"},"content":{"rendered":"\n<p>\u00bfExiste una relaci\u00f3n real entre la dieta prenatal y el autismo? Seg\u00fan un reciente estudio llevado a cabo entre 96.000 parejas de madres e hijos todo apunta a que s\u00ed, lo que la madre ingiera mientras est\u00e1 embarazada influye en una mayor o menor probabilidad de que su hijo sea diagnosticado con autismo y otras dificultades para comunicarse.<\/p>\n\n\n\n<h2 class=\"wp-block-heading\"><strong>Datos sobre la relaci\u00f3n entre la dieta prenatal y el autismo<\/strong><\/h2>\n\n\n\n<p>El equipo de investigadores que ha llevado a cabo el an\u00e1lisis <em>\u201cHealth Prenatal Dietary Pattern and Offspring Autism\u201d<\/em> publicado en la cabecera cient\u00edfica <em>\u201cJAMA Network Open\u201d <\/em>revis\u00f3 los datos de m\u00e1s de 96.000 relaciones entre madres e hijos de Noruega e Inglaterra. En esta investigaci\u00f3n que trata de aclarar las m\u00faltiples y complejas causas del autismo se destaca que la etiolog\u00eda es multifactorial y que factores ambientales y biol\u00f3gicos tienen tambi\u00e9n un papel destacado. Entre ellos, la forma de alimentarse que tenga la madre durante la gestaci\u00f3n del feto.<\/p>\n\n\n\n<p>En concreto, se destaca que patolog\u00edas como la diabetes o los malos h\u00e1bitos relacionados con la exposici\u00f3n a ciertos qu\u00edmicos y contaminantes, o la carencia de determinados nutrientes durante el embarazo, as\u00ed como el hecho de que el beb\u00e9 nazca prematuro, el bajo peso al nacer, e incluso problemas durante el parto, pueden desencadenar la aparici\u00f3n del autismo en el ni\u00f1o.<\/p>\n\n\n\n<p>Si evaluamos este an\u00e1lisis en cifras, los investigadores hallaron que las mujeres que se nutr\u00edan siguiendo una dieta variada y saludable durante la etapa gestante pose\u00edan un 22% menos de probabilidades de que su v\u00e1stago desarrollara autismo durante su vida, en relaci\u00f3n con las que se alimentaban ingiriendo platos menos saludables.<\/p>\n\n\n\n<h2 class=\"wp-block-heading\"><strong>La dieta como factor clave para proteger del autismo<\/strong><\/h2>\n\n\n\n<p>Para este grupo de investigaci\u00f3n la dieta saludable que act\u00faa como factor de protecci\u00f3n ante el autismo se compone de cantidades regulares de frutas y verduras frescas, pescados, cereales integrales, legumbres, frutos secos y que, por el contrario, minimiza el consumo de grasas, refrescos y productos procesados como la carne.<\/p>\n\n\n\n<p>Es m\u00e1s, encontraron de una forma clara entre sus resultados m\u00e1s destacables que las mujeres embarazadas que consum\u00edan platos saludables durante el embarazo tambi\u00e9n ten\u00edan casi un 25% menos de probabilidades de que sus hijos desarrollaran otros problemas de comunicaci\u00f3n o de sociabilidad.<\/p>\n\n\n\n<p>Y un dato esclarecedor y muy llamativo indica que la asociaci\u00f3n entre la dieta prenatal y el autismo es m\u00e1s fuerte en parejas de madres e hijas que entre madres e hijos.<\/p>\n\n\n\n<h2 class=\"wp-block-heading\"><strong>Inc\u00f3gnitas a\u00fan sin resolver sobre la relaci\u00f3n entre dieta prenatal y autismo<\/strong><\/h2>\n\n\n\n<p>A pesar de que este estudio arroj\u00f3 datos esclarecedores entre la directa relaci\u00f3n dieta prenatal \u2013 autismo no es capaz de sentenciar el motivo por el que las mujeres que se nutren a trav\u00e9s de una dieta saludable y equilibrada son capaces de reducir con esta pr\u00e1ctica la posibilidad de que sus hijos desarrollen autismo tras su nacimiento. Y es que los investigadores que llevaron a cabo el an\u00e1lisis \u00fanicamente han sido capaces de lanzar hip\u00f3tesis que tendr\u00edan que ver con el sistema inmunol\u00f3gico o la modificaci\u00f3n del ADN, a falta de nuevos estudios que profundicen a\u00fan m\u00e1s en este campo.<\/p>\n\n\n\n<figure class=\"wp-block-embed is-type-wp-embed is-provider-hospital-ochoa-en-marbella wp-block-embed-hospital-ochoa-en-marbella\"><div class=\"wp-block-embed__wrapper\">\n<blockquote class=\"wp-embedded-content\" data-secret=\"y7VrsyL9k8\"><a href=\"https:\/\/hospitalochoa.com\/es\/especialidades\/endocrinologia\/nutricion-y-dietetica\/\">Nutrici\u00f3n y Diet\u00e9tica<\/a><\/blockquote><iframe loading=\"lazy\" class=\"wp-embedded-content\" sandbox=\"allow-scripts\" security=\"restricted\" style=\"position: absolute; clip: rect(1px, 1px, 1px, 1px);\" title=\"\u00abNutrici\u00f3n y Diet\u00e9tica\u00bb \u2014 Hospital Ochoa en Marbella\" src=\"https:\/\/hospitalochoa.com\/es\/especialidades\/endocrinologia\/nutricion-y-dietetica\/embed\/#?secret=Eym12k6hnT#?secret=y7VrsyL9k8\" data-secret=\"y7VrsyL9k8\" width=\"500\" height=\"282\" frameborder=\"0\" marginwidth=\"0\" marginheight=\"0\" scrolling=\"no\"><\/iframe>\n<\/div><\/figure>\n","protected":false},"excerpt":{"rendered":"<p>La asociaci\u00f3n entre la dieta prenatal y el autismo es m\u00e1s fuerte en parejas de madres e hijas que entre madres e hijos.<\/p>\n","protected":false},"author":9,"featured_media":11485,"comment_status":"open","ping_status":"open","sticky":false,"template":"","format":"standard","meta":{"_acf_changed":false,"inline_featured_image":false,"footnotes":""},"categories":[892],"tags":[545,694,1953,845,1954,657,673,1952,470,507],"class_list":["post-11484","post","type-post","status-publish","format-standard","has-post-thumbnail","hentry","category-nutricion-y-dietetica","tag-alimentacion","tag-alimentos","tag-atun","tag-azucares","tag-carne-roja","tag-consejos","tag-dieta","tag-enfermedades","tag-hospital-ochoa","tag-marbella"],"acf":[],"_links":{"self":[{"href":"https:\/\/hospitalochoa.com\/es\/wp-json\/wp\/v2\/posts\/11484","targetHints":{"allow":["GET"]}}],"collection":[{"href":"https:\/\/hospitalochoa.com\/es\/wp-json\/wp\/v2\/posts"}],"about":[{"href":"https:\/\/hospitalochoa.com\/es\/wp-json\/wp\/v2\/types\/post"}],"author":[{"embeddable":true,"href":"https:\/\/hospitalochoa.com\/es\/wp-json\/wp\/v2\/users\/9"}],"replies":[{"embeddable":true,"href":"https:\/\/hospitalochoa.com\/es\/wp-json\/wp\/v2\/comments?post=11484"}],"version-history":[{"count":0,"href":"https:\/\/hospitalochoa.com\/es\/wp-json\/wp\/v2\/posts\/11484\/revisions"}],"wp:featuredmedia":[{"embeddable":true,"href":"https:\/\/hospitalochoa.com\/es\/wp-json\/wp\/v2\/media\/11485"}],"wp:attachment":[{"href":"https:\/\/hospitalochoa.com\/es\/wp-json\/wp\/v2\/media?parent=11484"}],"wp:term":[{"taxonomy":"category","embeddable":true,"href":"https:\/\/hospitalochoa.com\/es\/wp-json\/wp\/v2\/categories?post=11484"},{"taxonomy":"post_tag","embeddable":true,"href":"https:\/\/hospitalochoa.com\/es\/wp-json\/wp\/v2\/tags?post=11484"}],"curies":[{"name":"wp","href":"https:\/\/api.w.org\/{rel}","templated":true}]}}