{"id":5905,"date":"2020-01-11T08:22:00","date_gmt":"2020-01-11T08:22:00","guid":{"rendered":"https:\/\/hospitalochoa.com\/esteban-granero-pasa-reconocimiento-medico-en-hospital-ochoa\/"},"modified":"2020-01-11T08:22:00","modified_gmt":"2020-01-11T08:22:00","slug":"esteban-granero-pasa-reconocimiento-medico-en-hospital-ochoa","status":"publish","type":"post","link":"https:\/\/hospitalochoa.com\/es\/esteban-granero-pasa-reconocimiento-medico-en-hospital-ochoa\/","title":{"rendered":"El jugador del Marbella FC Esteban Granero pasa reconocimiento m\u00e9dico en Hospital Ochoa"},"content":{"rendered":"<h2>El \u00faltimo fichaje del Marbella FC, el centrocampista Esteban Granero, ha pasado de forma satisfactoria reconocimiento m\u00e9dico en Hospital Ochoa este viernes por la ma\u00f1ana, poco antes de realizar su primer entrenamiento con el equipo.<\/h2>\n<p>Ha llegado a las instalaciones a las 8:30 horas y ha sido sometido en primer lugar a una exploraci\u00f3n general, con auscultaci\u00f3n respiratoria y cardiovascular, y posteriormente el examen se ha centrado en la \u201cdetecci\u00f3n de lesiones previas que haya podido tener\u201d, ha explicado el doctor Antonio Fern\u00e1ndez Delgado, del servicio de Urgencias 24 horas de Hospital Ochoa.<\/p>\n<p>Al futbolista se le ha realizado tambi\u00e9n una anal\u00edtica completa (sangre y orina), se le ha pesado y medido y ha superado una prueba espirom\u00e9trica \u201cpara ver su capacidad pulmonar\u201d, ha se\u00f1alado el m\u00e9dico.<\/p>\n<p>Por \u00faltimo, ha sido sometido a un completo estudio cardiogr\u00e1fico.<\/p>\n<p>Toda la informaci\u00f3n obtenida, que cuenta ya con el visto bueno de Hospital Ochoa, ser\u00e1 remitida al m\u00e9dico del Marbella FC.<\/p>\n<p>Esteban Granero ha jugado las dos \u00faltimas temporadas y media en el Espanyol de Barcelona. Antes, milit\u00f3 en el Real Madrid, con el que fue campe\u00f3n de Liga y de Copa del Rey, y tambi\u00e9n ha vestido la camiseta de otros grandes clubes como Getafe, Queens Park Rangers y Real Sociedad.<\/p>\n","protected":false},"excerpt":{"rendered":"<p>El \u00faltimo fichaje del Marbella FC, el centrocampista Esteban Granero, ha pasado de forma satisfactoria reconocimiento m\u00e9dico en Hospital Ochoa<\/p>\n","protected":false},"author":3,"featured_media":2723,"comment_status":"open","ping_status":"open","sticky":false,"template":"","format":"standard","meta":{"_acf_changed":false,"inline_featured_image":false,"footnotes":""},"categories":[889],"tags":[505,506,507,448,450],"class_list":["post-5905","post","type-post","status-publish","format-standard","has-post-thumbnail","hentry","category-deporte","tag-esteban-granero","tag-futbol","tag-marbella","tag-marbella-fc","tag-reconocimiento"],"acf":[],"_links":{"self":[{"href":"https:\/\/hospitalochoa.com\/es\/wp-json\/wp\/v2\/posts\/5905","targetHints":{"allow":["GET"]}}],"collection":[{"href":"https:\/\/hospitalochoa.com\/es\/wp-json\/wp\/v2\/posts"}],"about":[{"href":"https:\/\/hospitalochoa.com\/es\/wp-json\/wp\/v2\/types\/post"}],"author":[{"embeddable":true,"href":"https:\/\/hospitalochoa.com\/es\/wp-json\/wp\/v2\/users\/3"}],"replies":[{"embeddable":true,"href":"https:\/\/hospitalochoa.com\/es\/wp-json\/wp\/v2\/comments?post=5905"}],"version-history":[{"count":0,"href":"https:\/\/hospitalochoa.com\/es\/wp-json\/wp\/v2\/posts\/5905\/revisions"}],"wp:featuredmedia":[{"embeddable":true,"href":"https:\/\/hospitalochoa.com\/es\/wp-json\/wp\/v2\/media\/2723"}],"wp:attachment":[{"href":"https:\/\/hospitalochoa.com\/es\/wp-json\/wp\/v2\/media?parent=5905"}],"wp:term":[{"taxonomy":"category","embeddable":true,"href":"https:\/\/hospitalochoa.com\/es\/wp-json\/wp\/v2\/categories?post=5905"},{"taxonomy":"post_tag","embeddable":true,"href":"https:\/\/hospitalochoa.com\/es\/wp-json\/wp\/v2\/tags?post=5905"}],"curies":[{"name":"wp","href":"https:\/\/api.w.org\/{rel}","templated":true}]}}