{"id":5922,"date":"2019-10-29T11:21:00","date_gmt":"2019-10-29T11:21:00","guid":{"rendered":"https:\/\/hospitalochoa.com\/el-jugador-del-marbella-fc-samu-delgado-se-opera-en-hospital-ochoa-de-un-quiste-parameniscal\/"},"modified":"2023-02-20T18:36:39","modified_gmt":"2023-02-20T18:36:39","slug":"el-jugador-del-marbella-fc-samu-delgado-se-opera-en-hospital-ochoa-de-un-quiste-parameniscal","status":"publish","type":"post","link":"https:\/\/hospitalochoa.com\/es\/el-jugador-del-marbella-fc-samu-delgado-se-opera-en-hospital-ochoa-de-un-quiste-parameniscal\/","title":{"rendered":"El jugador del Marbella FC Samu Delgado se opera en Hospital Ochoa de un quiste parameniscal"},"content":{"rendered":"<p><strong>El futbolista del Marbella FC Samu Delgado ha pasado este mediod\u00eda por los quir\u00f3fanos de <a href=\"https:\/\/hospitalochoa.com\/es\/\">Hospital Ochoa Marbella<\/a> para someterse a una sencilla cirug\u00eda en su rodilla derecha.<\/strong><\/p>\n<p><span style=\"font-weight: 400;\">Delgado ha sido operado para extirparse un quiste parameniscal que le sali\u00f3 el pasado verano. El <a href=\"https:\/\/hospitalochoa.com\/es\/especialidades\/traumatologia\/\">cirujano ortop\u00e9dico y traumat\u00f3logo de Hospital Ochoa<\/a>, Rafael Corrales, destaca que la intervenci\u00f3n se ha desarrollado sin ning\u00fan contratiempo. La cirug\u00eda ha consistido en \u201cel drenaje del granuloma causado por un cuerpo extra\u00f1o en su menisco derivado de cirug\u00edas previas m\u00e1s infiltraci\u00f3n\u201d.<\/span><\/p>\n<p><span style=\"font-weight: 400;\">Toda la operaci\u00f3n se ha desarrollado con control ecogr\u00e1fico y ha tenido una duraci\u00f3n de unos 15 minutos. El m\u00e9dico del centro hospitalario detalla que la infiltraci\u00f3n \u201cse le ha realizado para evitar dolores e intentar que no se le vuelva a reproducir el quiste\u201d. El jugador ya ha sido dado de alta y \u201cno tendr\u00eda que tener problemas para entrenar ya este mi\u00e9rcoles\u201d.<\/span><\/p>\n<p><span style=\"font-weight: 400;\">El futbolista del Marbella ha comentado tras la cirug\u00eda que \u201cme lo not\u00e9 en pretemporada y, salvo en algunos momentos, no me dol\u00eda ni tampoco me estaba molestando para jugar al f\u00fatbol\u201d. Sin embargo, \u201cen las \u00faltimas semanas me hab\u00eda crecido y hab\u00eda que quitarlo\u201d.<\/span><\/p>\n<p><span style=\"font-weight: 400;\">La fecha de la intervenci\u00f3n no ha sido casual, \u201cestaba decidido que me operar\u00eda cuando me mostraran la quinta amarilla\u201d. El pasado domingo, en el que marc\u00f3 el gol de la victoria del Marbella FC ante el Villarrubia, vio la amonestaci\u00f3n y r\u00e1pidamente se fij\u00f3 con Hospital Ochoa el d\u00eda de la operaci\u00f3n.<\/span><\/p>\n<p><span style=\"font-weight: 400;\">Samu Delgado ya se encuentra en casa recuper\u00e1ndose de la cirug\u00eda y en los pr\u00f3ximos d\u00edas se incorporar\u00e1 con normalidad a los entrenamientos. \u201cSi puedo, quiero entrenar ya este mi\u00e9rcoles, pero como muy tarde para el jueves ya estar\u00e9 de regreso\u201d, ha se\u00f1alado el jugador del Marbella que agradece \u201cel trato recibido en todo momento por Hospital Ochoa\u201d.<\/span><\/p>\n","protected":false},"excerpt":{"rendered":"<p>El futbolista del Marbella FC Samu Delgado ha pasado este mediod\u00eda por los quir\u00f3fanos de Hospital Ochoa para someterse a una sencilla cirug\u00eda en su rodilla derecha.<\/p>\n","protected":false},"author":3,"featured_media":2772,"comment_status":"open","ping_status":"open","sticky":false,"template":"","format":"standard","meta":{"_acf_changed":false,"inline_featured_image":false,"footnotes":""},"categories":[904,889,894],"tags":[510,448,536],"class_list":["post-5922","post","type-post","status-publish","format-standard","has-post-thumbnail","hentry","category-traumatologia","category-deporte","category-noticias","tag-cirugia","tag-marbella-fc","tag-rodilla"],"acf":[],"_links":{"self":[{"href":"https:\/\/hospitalochoa.com\/es\/wp-json\/wp\/v2\/posts\/5922","targetHints":{"allow":["GET"]}}],"collection":[{"href":"https:\/\/hospitalochoa.com\/es\/wp-json\/wp\/v2\/posts"}],"about":[{"href":"https:\/\/hospitalochoa.com\/es\/wp-json\/wp\/v2\/types\/post"}],"author":[{"embeddable":true,"href":"https:\/\/hospitalochoa.com\/es\/wp-json\/wp\/v2\/users\/3"}],"replies":[{"embeddable":true,"href":"https:\/\/hospitalochoa.com\/es\/wp-json\/wp\/v2\/comments?post=5922"}],"version-history":[{"count":0,"href":"https:\/\/hospitalochoa.com\/es\/wp-json\/wp\/v2\/posts\/5922\/revisions"}],"wp:featuredmedia":[{"embeddable":true,"href":"https:\/\/hospitalochoa.com\/es\/wp-json\/wp\/v2\/media\/2772"}],"wp:attachment":[{"href":"https:\/\/hospitalochoa.com\/es\/wp-json\/wp\/v2\/media?parent=5922"}],"wp:term":[{"taxonomy":"category","embeddable":true,"href":"https:\/\/hospitalochoa.com\/es\/wp-json\/wp\/v2\/categories?post=5922"},{"taxonomy":"post_tag","embeddable":true,"href":"https:\/\/hospitalochoa.com\/es\/wp-json\/wp\/v2\/tags?post=5922"}],"curies":[{"name":"wp","href":"https:\/\/api.w.org\/{rel}","templated":true}]}}