{"id":5989,"date":"2016-06-28T15:46:00","date_gmt":"2016-06-28T15:46:00","guid":{"rendered":"https:\/\/hospitalochoa.com\/la-depresion-consta-de-sintomas-emocionales-y-corporales\/"},"modified":"2023-01-04T10:30:50","modified_gmt":"2023-01-04T10:30:50","slug":"la-depresion-consta-de-sintomas-emocionales-y-corporales","status":"publish","type":"post","link":"https:\/\/hospitalochoa.com\/es\/la-depresion-consta-de-sintomas-emocionales-y-corporales\/","title":{"rendered":"La Depresi\u00f3n"},"content":{"rendered":"<h2>\u00bfQu\u00e9 es la depresi\u00f3n?<\/h2>\n<h4>Cuando hablamos de depresi\u00f3n en lenguaje coloquial, generalmente nos referimos a un estado de \u00e1nimo triste, transitorio y debido a alguna circunstancia adversa. Pero la depresi\u00f3n es algo m\u00e1s. Es una enfermedad que no solo consta de s\u00edntomas emocionales o \u201cmentales\u201d, sino tambi\u00e9n f\u00edsicos o corporales.<\/h4>\n<p>Desde la antig\u00fcedad se conocen ejemplos de depresi\u00f3n. En el antiguo Testamento, en la historia del rey Sa\u00fal se narra un s\u00edndrome depresivo, y tambi\u00e9n en la Il\u00edada de Homero, en la historia del suicidio de Ajax. Pero, es verdad, que es en nuestro tiempo, cuando se populariza su t\u00e9rmino y se acepta socialmente la enfermedad.<\/p>\n<h2>\u00bfLa depresi\u00f3n es com\u00fan?<\/h2>\n<h4>La depresi\u00f3n es una enfermedad com\u00fan en nuestros d\u00edas. Aproximadamente una de cada tres personas a lo largo de su vida va a tener alg\u00fan trastorno afectivo. De cada tres personas dos van a ser mujer. La\u00a0 media de edad de inicio de la enfermedad depresiva es de 40 a\u00f1os, y el 50% de los casos comienza entre los 20 y 50 a\u00f1os.<\/h4>\n<h2>\u00bfCu\u00e1les son las causas de la depresi\u00f3n?<\/h2>\n<p>Si nos preguntamos las causas de la depresi\u00f3n, tenemos que hablar de factores gen\u00e9ticos, biol\u00f3gicos y psicosociales. Muchas veces vamos a ser incapaces de darle una respuesta al paciente como quisiera o\u00edr, y le haremos una aproximaci\u00f3n etiol\u00f3gica de su enfermedad, cuales son las causas.<\/p>\n<h2>S\u00edntomas de depresi\u00f3n<\/h2>\n<p><span style=\"font-size: revert; color: initial;\">Los s\u00edntomas fundamentales de la depresi\u00f3n son la tristeza, anhedonia (p\u00e9rdida de inter\u00e9s e incapacidad de disfrutar), la baja autoestima, apat\u00eda, falta de ilusi\u00f3n, falta de motivaci\u00f3n e iniciativa, alteraci\u00f3n del sue\u00f1o y del apetito, cansancio f\u00e1cil, problemas de concentraci\u00f3n y memoria, y el enlentecimiento psicomotor. Generalmente aparecen s\u00edntomas ansiosos y f\u00edsicos (dolores musculares, estre\u00f1imiento o diarrea, dolores de cabeza, opresi\u00f3n en el pecho, cansancio. En ocasiones pueden aparecer las ideas de muerte y de suicidio, que a parecen en las depresiones moderadas o graves.<\/span><\/p>\n<p>El diagn\u00f3stico puede hacerlo su m\u00e9dico de cabecera, aunque hay muchas personas con esta enfermedad que no saben que la padecen. Esto suele ocurrir porque se entiende, de forma err\u00f3nea, que si hay alg\u00fan conflicto o problema externo \u201ces l\u00f3gico\u201d estar con esos s\u00edntomas. La depresi\u00f3n es una enfermedad m\u00e9dica que causa importante disminuci\u00f3n del funcionamiento diario, por lo que es conveniente, ante la presencia de los s\u00edntomas anteriores, consultar.<\/p>\n<p>De estar presente la enfermedad, el tratamiento farmacol\u00f3gico est\u00e1 indicado. Entre los ciudadanos existen muchos miedos respecto al mismo que no se corresponden con la realidad. Estos inquietudes deben ser expuestas para recibir una informaci\u00f3n precisa. En la actualidad disponemos de f\u00e1rmacos modernos con bajo nivel de efectos indeseables, que permiten a los pacientes hacer una vida mejor. La psicoterapia es otra herramienta terap\u00e9utica a usar, pero deben ser t\u00e9cnicas reconocidas \u2013no solo el hecho de hablar-, aplicadas por profesionales competentes y con objetivos claros.<\/p>\n<p>Desde Hospital Ochoa contamos con grandes especialistas en el \u00e1mbito de la <a href=\"https:\/\/hospitalochoa.com\/es\/la-depresion-consta-de-sintomas-emocionales-y-corporales\/\">psiquiatr\u00eda<\/a>, donde estudiamos, prevenimos, tratamos y rehabilitamos los trastornos psiqui\u00e1tricos.<\/p>\n","protected":false},"excerpt":{"rendered":"<p>La\u00a0 media de edad de inicio de la enfermedad depresiva es de 40 a\u00f1os.<\/p>\n","protected":false},"author":1,"featured_media":2973,"comment_status":"open","ping_status":"open","sticky":false,"template":"","format":"standard","meta":{"_acf_changed":false,"inline_featured_image":false,"footnotes":""},"categories":[902],"tags":[705,706,707,708],"class_list":["post-5989","post","type-post","status-publish","format-standard","has-post-thumbnail","hentry","category-psiquiatria","tag-depresion","tag-enfermedad-mental","tag-mente","tag-psiquiatria"],"acf":[],"_links":{"self":[{"href":"https:\/\/hospitalochoa.com\/es\/wp-json\/wp\/v2\/posts\/5989","targetHints":{"allow":["GET"]}}],"collection":[{"href":"https:\/\/hospitalochoa.com\/es\/wp-json\/wp\/v2\/posts"}],"about":[{"href":"https:\/\/hospitalochoa.com\/es\/wp-json\/wp\/v2\/types\/post"}],"author":[{"embeddable":true,"href":"https:\/\/hospitalochoa.com\/es\/wp-json\/wp\/v2\/users\/1"}],"replies":[{"embeddable":true,"href":"https:\/\/hospitalochoa.com\/es\/wp-json\/wp\/v2\/comments?post=5989"}],"version-history":[{"count":0,"href":"https:\/\/hospitalochoa.com\/es\/wp-json\/wp\/v2\/posts\/5989\/revisions"}],"wp:featuredmedia":[{"embeddable":true,"href":"https:\/\/hospitalochoa.com\/es\/wp-json\/wp\/v2\/media\/2973"}],"wp:attachment":[{"href":"https:\/\/hospitalochoa.com\/es\/wp-json\/wp\/v2\/media?parent=5989"}],"wp:term":[{"taxonomy":"category","embeddable":true,"href":"https:\/\/hospitalochoa.com\/es\/wp-json\/wp\/v2\/categories?post=5989"},{"taxonomy":"post_tag","embeddable":true,"href":"https:\/\/hospitalochoa.com\/es\/wp-json\/wp\/v2\/tags?post=5989"}],"curies":[{"name":"wp","href":"https:\/\/api.w.org\/{rel}","templated":true}]}}