{"id":8759,"date":"2022-08-19T10:40:11","date_gmt":"2022-08-19T10:40:11","guid":{"rendered":"https:\/\/hospitalochoa.com\/?p=8759"},"modified":"2023-01-04T07:38:28","modified_gmt":"2023-01-04T07:38:28","slug":"cuanto-dura-un-resfriado-de-verano","status":"publish","type":"post","link":"https:\/\/hospitalochoa.com\/es\/cuanto-dura-un-resfriado-de-verano\/","title":{"rendered":"\u00bfCu\u00e1nto dura un resfriado de verano?"},"content":{"rendered":"\n<p>El verano es una \u00e9poca propicia (en contra de lo que muchos piensan) para resfriarse. Las causas son m\u00faltiples: cambios bruscos de temperatura,&nbsp; existencia de otras patolog\u00edas previas, ingesta de l\u00edquidos demasiado fr\u00edos, ba\u00f1os a horas nocturnas o en aguas muy g\u00e9lidas, etc\u00e9tera.<\/p>\n\n\n\n<p>En este art\u00edculo brindamos una serie de <strong>pautas para evitar el catarro de verano<\/strong> y pasar unas vacaciones sin malos ratos por culpa de la fiebre, la tos o la tan molesta mucosidad que acompa\u00f1an a esta patolog\u00eda.<\/p>\n\n\n\n<h2 class=\"wp-block-heading\"><strong>Cu\u00e1nto dura el resfriado de verano<\/strong><\/h2>\n\n\n\n<p>En t\u00e9rminos generales, la incubaci\u00f3n del resfriado de verano suele producirse entre los dos y tres d\u00edas, y la enfermedad se suele curar en menos de una semana.<\/p>\n\n\n\n<p>Estos son los s\u00edntomas del catarro de verano:<\/p>\n\n\n\n<ul class=\"wp-block-list\">\n<li>Fiebre<\/li>\n\n\n\n<li>Mucosidad<\/li>\n\n\n\n<li>Sequedad de la garganta<\/li>\n\n\n\n<li>Tos<\/li>\n\n\n\n<li>Molestias en la nariz<\/li>\n<\/ul>\n\n\n\n<h2 class=\"wp-block-heading\"><strong>\u00bfC\u00f3mo se previene el resfriado de verano?<\/strong><\/h2>\n\n\n\n<p>Como ya hemos mencionado anteriormente los cambios de temperatura bruscos, los ba\u00f1os en aguas muy fr\u00edas y a horas en las que ya no calienta el sol, la ingesta de polos o bebidas heladas pueden producir un catarro de verano y arruinar unas bonitas vacaciones.<\/p>\n\n\n\n<p>Estas pautas ayudan a prevenir el tan molesto resfriado de verano:<\/p>\n\n\n\n<ul class=\"wp-block-list\">\n<li>El consejo principal es tener mucho cuidado a la hora de programar el aire acondicionado. No es recomendable bajarlo de 23 grados.<\/li>\n\n\n\n<li>Si has estado un buen rato tomando el sol o haciendo deporte no es buena idea meterse en el mar o la piscina de golpe.<\/li>\n\n\n\n<li>No olvides comer frutas y verduras durante los meses de verano. Son la mejor fuente de vitaminas que existe y te proteger\u00e1n del catarro y otras infecciones v\u00edricas.<\/li>\n\n\n\n<li>Permanece bien hidratado.<\/li>\n\n\n\n<li>Aunque en la \u00e9poca estival nos ba\u00f1amos con mucha m\u00e1s frecuencia, es necesario guardar una estricta higiene de las manos.<\/li>\n\n\n\n<li>Mantener la humedad en las habitaciones donde permanezcamos m\u00e1s tiempo con el uso de humidificadores, si disponemos de ellos.<\/li>\n<\/ul>\n\n\n\n<h2 class=\"wp-block-heading\"><strong>\u00bfC\u00f3mo tratar la gripe de verano?<\/strong><\/h2>\n\n\n\n<p>Lo primero que hay que tener en cuenta es que la gripe o resfriado de verano suele tener un origen v\u00edrico, por lo que los antibi\u00f3ticos son absolutamente ineficaces a la hora de tratarlo.<\/p>\n\n\n\n<p>Lo mejor es acudir al especialista para que eval\u00fae la gravedad del cuadro pero, en l\u00edneas generales, el catarro suele curarse a base de:<\/p>\n\n\n\n<ul class=\"wp-block-list\">\n<li>Analg\u00e9sicos<\/li>\n\n\n\n<li>Mucol\u00edticos y expectorantes<\/li>\n\n\n\n<li>Antit\u00e9rmicos para bajar la fiebre<\/li>\n\n\n\n<li>Antitus\u00edgenos<\/li>\n<\/ul>\n\n\n\n<h2 class=\"wp-block-heading\"><strong>\u00bfQu\u00e9 virus provocan el resfriado de verano?<\/strong><\/h2>\n\n\n\n<p>En la actualidad se nota un aumento de casos de resfriado de verano provocados por el coronavirus (diferente al SARS-CoV-2), el enterovirus, el adenovirus y la parainfluenza.<\/p>\n\n\n\n<p>Cabe resaltar que nuestro organismo ha estado expuesto en menor grado a estas variantes con la llegada del Covid-19 y las consiguientes medidas de protecci\u00f3n que se tomaron. Es por eso que el sistema inmunol\u00f3gico apenas \u201cha entrenado\u201d para acabar con ellos. Es una de las razones por las que el n\u00famero de pacientes con esta patolog\u00eda est\u00e1 en auge.<\/p>\n\n\n\n<p>Adem\u00e1s os dejamos a continuaci\u00f3n a nuestros especialistas en <a href=\"https:\/\/hospitalochoa.com\/es\/especialidades\/neumologia\/\">Neumolog\u00eda <\/a>y <a href=\"https:\/\/hospitalochoa.com\/es\/especialidades\/anatomia-patologica\/\">Patolog\u00edas<\/a> <\/p>\n","protected":false},"excerpt":{"rendered":"<p>La gripe o resfriado de verano suele tener un origen v\u00edrico, por lo que los antibi\u00f3ticos son absolutamente ineficaces a la hora de tratarlo.<\/p>\n","protected":false},"author":9,"featured_media":8760,"comment_status":"open","ping_status":"open","sticky":false,"template":"","format":"standard","meta":{"_acf_changed":false,"inline_featured_image":false,"footnotes":""},"categories":[898,897],"tags":[1382,470,507,482,1381,492,682],"class_list":["post-8759","post","type-post","status-publish","format-standard","has-post-thumbnail","hentry","category-neumologia","category-patologias","tag-gripe-de-verano","tag-hospital-ochoa","tag-marbella","tag-patologia","tag-resfriado","tag-salud","tag-verano"],"acf":[],"_links":{"self":[{"href":"https:\/\/hospitalochoa.com\/es\/wp-json\/wp\/v2\/posts\/8759","targetHints":{"allow":["GET"]}}],"collection":[{"href":"https:\/\/hospitalochoa.com\/es\/wp-json\/wp\/v2\/posts"}],"about":[{"href":"https:\/\/hospitalochoa.com\/es\/wp-json\/wp\/v2\/types\/post"}],"author":[{"embeddable":true,"href":"https:\/\/hospitalochoa.com\/es\/wp-json\/wp\/v2\/users\/9"}],"replies":[{"embeddable":true,"href":"https:\/\/hospitalochoa.com\/es\/wp-json\/wp\/v2\/comments?post=8759"}],"version-history":[{"count":0,"href":"https:\/\/hospitalochoa.com\/es\/wp-json\/wp\/v2\/posts\/8759\/revisions"}],"wp:featuredmedia":[{"embeddable":true,"href":"https:\/\/hospitalochoa.com\/es\/wp-json\/wp\/v2\/media\/8760"}],"wp:attachment":[{"href":"https:\/\/hospitalochoa.com\/es\/wp-json\/wp\/v2\/media?parent=8759"}],"wp:term":[{"taxonomy":"category","embeddable":true,"href":"https:\/\/hospitalochoa.com\/es\/wp-json\/wp\/v2\/categories?post=8759"},{"taxonomy":"post_tag","embeddable":true,"href":"https:\/\/hospitalochoa.com\/es\/wp-json\/wp\/v2\/tags?post=8759"}],"curies":[{"name":"wp","href":"https:\/\/api.w.org\/{rel}","templated":true}]}}